{"id":650,"date":"2022-10-10T15:05:25","date_gmt":"2022-10-10T15:05:25","guid":{"rendered":"https:\/\/adavall.es\/?p=650"},"modified":"2022-10-10T15:07:46","modified_gmt":"2022-10-10T15:07:46","slug":"de-donde-vienen-los-vertigos-y-sobre-todo-quien-puede-ayudarme","status":"publish","type":"post","link":"https:\/\/adavall.es\/index.php\/2022\/10\/10\/de-donde-vienen-los-vertigos-y-sobre-todo-quien-puede-ayudarme\/","title":{"rendered":"\u00bfDe d\u00f3nde vienen los v\u00e9rtigos? y sobre todo, \u00bfqui\u00e9n puede ayudarme?"},"content":{"rendered":"[et_pb_section admin_label=\u00bbsection\u00bb]\n\t\t\t[et_pb_row admin_label=\u00bbrow\u00bb]\n\t\t\t\t[et_pb_column type=\u00bb4_4&#8243;][et_pb_text admin_label=\u00bbText\u00bb]\n<p><\/p>\n\n\n\n<p>Lo primero quiz\u00e1s ser\u00eda diferenciar qu\u00e9 es un v\u00e9rtigo y qu\u00e9 es un mareo. El v\u00e9rtigo es una sensaci\u00f3n rotatoria o de giro, muchos pacientes los describen como \u201csi les hubieran metido en una lavadora\u201d. Esto conlleva una sensaci\u00f3n de inestabilidad y de dificultad para hacer las actividades normales, adem\u00e1s de presentar n\u00e1useas o v\u00f3mitos.<\/p>\n\n\n\n<p>Dentro de los v\u00e9rtigos, el m\u00e1s com\u00fan es el <strong>v\u00e9rtigo posicional parox\u00edstico benigno<\/strong>. Se causa por una alteraci\u00f3n en nuestro o\u00eddo interno que provoca que, cuando movemos la cabeza, se desencadene el v\u00e9rtigo debido a que unas part\u00edculas que tenemos dentro de los canales del o\u00eddo (los otolitos) no se posicionan como deber\u00edan. Normalmente aparece con los cambios de posici\u00f3n bruscos de la cabeza aunque la aparici\u00f3n t\u00edpica suele ser en la cama a primeras horas de la ma\u00f1ana al girarse. Los ataques son cortos, ya que solo duran unos segundos o unos minutos como m\u00e1ximo, pero desencadenan mucha sintomatolog\u00eda en el paciente. Para su tratamiento, lo primero es hacer una correcta evaluaci\u00f3n mediante las maniobras de exploraci\u00f3n y despu\u00e9s se realizar\u00e1 una maniobra de recolocaci\u00f3n de part\u00edculas para solucionar el problema.<\/p>\n\n\n\n<p>El mareo, es una condici\u00f3n m\u00e1s habitual en cl\u00ednica y que, a menudo, se confunde con la anterior. En este caso se define como la sensaci\u00f3n de inestabilidad &nbsp;(que podr\u00edas desmayarte o como cuando te baja la tensi\u00f3n). Aunque sus causas pueden ser m\u00faltiples, los mareos que m\u00e1s frecuentemente tratamos desde la fisioterapia son los <strong>mareos cervicog\u00e9nicos<\/strong>, que, como su propio nombre indica, se originan en el cuello. \u00bfQu\u00e9 hacemos para solucionarlos?, buscar la causa siempre es lo primero. Conocer qu\u00e9 estructura del cuello es la causante y poder solucionar la afecci\u00f3n: solemos hacerlo con terapia manual, terapia miofascial y masoterapia, para despu\u00e9s ense\u00f1arte ejercicios de control motor espec\u00edficos de cuello para que puedas ser independiente y que no te vuelva a ocurrir.<\/p>\n\n\n\n<p>Aun as\u00ed, \u00bfno tienes claro lo que te ocurre? Ponte en contacto con nosotros y te ayudaremos.<\/p>\n[\/et_pb_text][\/et_pb_column]\n\t\t\t[\/et_pb_row]\n\t\t[\/et_pb_section]","protected":false},"excerpt":{"rendered":"<p>[et_pb_section admin_label=\u00bbsection\u00bb] [et_pb_row admin_label=\u00bbrow\u00bb] [et_pb_column type=\u00bb4_4&#8243;][et_pb_text admin_label=\u00bbText\u00bb] Lo primero quiz\u00e1s ser\u00eda diferenciar qu\u00e9 es un v\u00e9rtigo y qu\u00e9 es un mareo. El v\u00e9rtigo es una sensaci\u00f3n rotatoria o de giro, muchos pacientes los describen como \u201csi les hubieran metido en una lavadora\u201d. Esto conlleva una sensaci\u00f3n de inestabilidad y de dificultad para hacer las actividades [&hellip;]<\/p>\n","protected":false},"author":1,"featured_media":651,"comment_status":"open","ping_status":"open","sticky":true,"template":"","format":"standard","meta":{"_et_pb_use_builder":"on","_et_pb_old_content":"<!-- wp:paragraph -->\n<p><\/p>\n<!-- \/wp:paragraph -->\n\n<!-- wp:paragraph -->\n<p>Lo primero quiz\u00e1s ser\u00eda diferenciar qu\u00e9 es un v\u00e9rtigo y qu\u00e9 es un mareo. El v\u00e9rtigo es una sensaci\u00f3n rotatoria o de giro, muchos pacientes los describen como \u201csi les hubieran metido en una lavadora\u201d. Esto conlleva una sensaci\u00f3n de inestabilidad y de dificultad para hacer las actividades normales, adem\u00e1s de presentar n\u00e1useas o v\u00f3mitos.<\/p>\n<!-- \/wp:paragraph -->\n\n<!-- wp:paragraph -->\n<p>Dentro de los v\u00e9rtigos, el m\u00e1s com\u00fan es el <strong>v\u00e9rtigo posicional parox\u00edstico benigno<\/strong>. Se causa por una alteraci\u00f3n en nuestro o\u00eddo interno que provoca que, cuando movemos la cabeza, se desencadene el v\u00e9rtigo debido a que unas part\u00edculas que tenemos dentro de los canales del o\u00eddo (los otolitos) no se posicionan como deber\u00edan. Normalmente aparece con los cambios de posici\u00f3n bruscos de la cabeza aunque la aparici\u00f3n t\u00edpica suele ser en la cama a primeras horas de la ma\u00f1ana al girarse. Los ataques son cortos, ya que solo duran unos segundos o unos minutos como m\u00e1ximo, pero desencadenan mucha sintomatolog\u00eda en el paciente. Para su tratamiento, lo primero es hacer una correcta evaluaci\u00f3n mediante las maniobras de exploraci\u00f3n y despu\u00e9s se realizar\u00e1 una maniobra de recolocaci\u00f3n de part\u00edculas para solucionar el problema.<\/p>\n<!-- \/wp:paragraph -->\n\n<!-- wp:paragraph -->\n<p>El mareo, es una condici\u00f3n m\u00e1s habitual en cl\u00ednica y que, a menudo, se confunde con la anterior. En este caso se define como la sensaci\u00f3n de inestabilidad &nbsp;(que podr\u00edas desmayarte o como cuando te baja la tensi\u00f3n). Aunque sus causas pueden ser m\u00faltiples, los mareos que m\u00e1s frecuentemente tratamos desde la fisioterapia son los <strong>mareos cervicog\u00e9nicos<\/strong>, que, como su propio nombre indica, se originan en el cuello. \u00bfQu\u00e9 hacemos para solucionarlos?, buscar la causa siempre es lo primero. Conocer qu\u00e9 estructura del cuello es la causante y poder solucionar la afecci\u00f3n: solemos hacerlo con terapia manual, terapia miofascial y masoterapia, para despu\u00e9s ense\u00f1arte ejercicios de control motor espec\u00edficos de cuello para que puedas ser independiente y que no te vuelva a ocurrir.<\/p>\n<!-- \/wp:paragraph -->\n\n<!-- wp:paragraph -->\n<p>Aun as\u00ed, \u00bfno tienes claro lo que te ocurre? Ponte en contacto con nosotros y te ayudaremos.<\/p>\n<!-- \/wp:paragraph -->","_et_gb_content_width":""},"categories":[7],"tags":[9,17,18,19,14,15],"_links":{"self":[{"href":"https:\/\/adavall.es\/index.php\/wp-json\/wp\/v2\/posts\/650"}],"collection":[{"href":"https:\/\/adavall.es\/index.php\/wp-json\/wp\/v2\/posts"}],"about":[{"href":"https:\/\/adavall.es\/index.php\/wp-json\/wp\/v2\/types\/post"}],"author":[{"embeddable":true,"href":"https:\/\/adavall.es\/index.php\/wp-json\/wp\/v2\/users\/1"}],"replies":[{"embeddable":true,"href":"https:\/\/adavall.es\/index.php\/wp-json\/wp\/v2\/comments?post=650"}],"version-history":[{"count":2,"href":"https:\/\/adavall.es\/index.php\/wp-json\/wp\/v2\/posts\/650\/revisions"}],"predecessor-version":[{"id":653,"href":"https:\/\/adavall.es\/index.php\/wp-json\/wp\/v2\/posts\/650\/revisions\/653"}],"wp:featuredmedia":[{"embeddable":true,"href":"https:\/\/adavall.es\/index.php\/wp-json\/wp\/v2\/media\/651"}],"wp:attachment":[{"href":"https:\/\/adavall.es\/index.php\/wp-json\/wp\/v2\/media?parent=650"}],"wp:term":[{"taxonomy":"category","embeddable":true,"href":"https:\/\/adavall.es\/index.php\/wp-json\/wp\/v2\/categories?post=650"},{"taxonomy":"post_tag","embeddable":true,"href":"https:\/\/adavall.es\/index.php\/wp-json\/wp\/v2\/tags?post=650"}],"curies":[{"name":"wp","href":"https:\/\/api.w.org\/{rel}","templated":true}]}}